{"id":699,"date":"2020-09-10T10:29:15","date_gmt":"2020-09-10T16:29:15","guid":{"rendered":"https:\/\/cmdh.bahiadebanderas.gob.mx\/?p=699"},"modified":"2020-09-17T10:33:01","modified_gmt":"2020-09-17T16:33:01","slug":"nombran-nueva-presidenta-de-la-comision-de-derechos-humanos-de-bahia-de-banderas","status":"publish","type":"post","link":"https:\/\/cmdh.bahiadebanderas.gob.mx\/index.php\/2020\/09\/10\/nombran-nueva-presidenta-de-la-comision-de-derechos-humanos-de-bahia-de-banderas\/","title":{"rendered":"Nombran Nueva Presidenta de la Comisi\u00f3n de Derechos Humanos de Bah\u00eda de Banderas"},"content":{"rendered":"<p>En sesi\u00f3n ordinaria de Cabildo, se llev\u00f3 a cabo la toma de protesta de la Licenciada Raquel Due\u00f1as Camacho como Presidenta de la Comisi\u00f3n Municipal de Derechos Humanos de Bah\u00eda de Banderas, Nayarit.<\/p>\n<p><center><iframe loading=\"lazy\" src=\"https:\/\/www.facebook.com\/plugins\/video.php?href=https%3A%2F%2Fwww.facebook.com%2Fgobdebadeba%2Fvideos%2F333040017896489%2F&#038;show_text=1&#038;width=560\" width=\"560\" height=\"411\" style=\"border:none;overflow:hidden\" scrolling=\"no\" frameborder=\"0\" allowTransparency=\"true\" allow=\"encrypted-media\" allowFullScreen=\"true\"><\/iframe><\/center><\/p>\n","protected":false},"excerpt":{"rendered":"<p>En sesi\u00f3n ordinaria de Cabildo, se llev\u00f3 a cabo la toma de protesta de la Licenciada Raquel Due\u00f1as Camacho como Presidenta de la Comisi\u00f3n Municipal de Derechos Humanos de Bah\u00eda de Banderas, Nayarit.<\/p>\n","protected":false},"author":1,"featured_media":0,"comment_status":"closed","ping_status":"open","sticky":false,"template":"","format":"standard","meta":[],"categories":[1],"tags":[],"_links":{"self":[{"href":"https:\/\/cmdh.bahiadebanderas.gob.mx\/index.php\/wp-json\/wp\/v2\/posts\/699"}],"collection":[{"href":"https:\/\/cmdh.bahiadebanderas.gob.mx\/index.php\/wp-json\/wp\/v2\/posts"}],"about":[{"href":"https:\/\/cmdh.bahiadebanderas.gob.mx\/index.php\/wp-json\/wp\/v2\/types\/post"}],"author":[{"embeddable":true,"href":"https:\/\/cmdh.bahiadebanderas.gob.mx\/index.php\/wp-json\/wp\/v2\/users\/1"}],"replies":[{"embeddable":true,"href":"https:\/\/cmdh.bahiadebanderas.gob.mx\/index.php\/wp-json\/wp\/v2\/comments?post=699"}],"version-history":[{"count":2,"href":"https:\/\/cmdh.bahiadebanderas.gob.mx\/index.php\/wp-json\/wp\/v2\/posts\/699\/revisions"}],"predecessor-version":[{"id":701,"href":"https:\/\/cmdh.bahiadebanderas.gob.mx\/index.php\/wp-json\/wp\/v2\/posts\/699\/revisions\/701"}],"wp:attachment":[{"href":"https:\/\/cmdh.bahiadebanderas.gob.mx\/index.php\/wp-json\/wp\/v2\/media?parent=699"}],"wp:term":[{"taxonomy":"category","embeddable":true,"href":"https:\/\/cmdh.bahiadebanderas.gob.mx\/index.php\/wp-json\/wp\/v2\/categories?post=699"},{"taxonomy":"post_tag","embeddable":true,"href":"https:\/\/cmdh.bahiadebanderas.gob.mx\/index.php\/wp-json\/wp\/v2\/tags?post=699"}],"curies":[{"name":"wp","href":"https:\/\/api.w.org\/{rel}","templated":true}]}}