{"id":6794,"date":"2023-07-24T10:33:54","date_gmt":"2023-07-24T16:33:54","guid":{"rendered":"https:\/\/cmdh.bahiadebanderas.gob.mx\/?p=6794"},"modified":"2023-07-24T10:33:54","modified_gmt":"2023-07-24T16:33:54","slug":"dia-de-nelson-mandela","status":"publish","type":"post","link":"https:\/\/cmdh.bahiadebanderas.gob.mx\/index.php\/2023\/07\/24\/dia-de-nelson-mandela\/","title":{"rendered":"DIA DE NELSON MANDELA"},"content":{"rendered":"\n<p>\u201cNelson Mandela fue un ejemplo de valor,compasi\u00f3n y compromiso con la libertad, la paz y la justicia social. Vivi\u00f3 con arreglo a esos principios y estuvo dispuesto a sacrificar su libertad e incluso su vida por ellos. En este d\u00eda de reflexi\u00f3n sobre la vida y obra de Nelson Mandela, defendamos su legado y aspiremos a emular su ejemplo.\u201dAnt\u00f3nio Guterrez Secretario General de las Naciones Unidas 2019 El 10 de noviembre de 2009 la Asamblea General de las Naciones Unidas, mediante su resoluci\u00f3n A\/RES\/64\/13, design\u00f3 el 18 de julio como D\u00eda Internacional de Nelson Mandela, para observarse anualmente a partir de 2010. Se eligi\u00f3 esa fecha por ser el d\u00eda de nacimiento de Nelson Mandela. En esta resoluci\u00f3n se reconocen los valores del legendario luchador sudafricano y su dedicaci\u00f3n al servicio de la humanidad en los \u00e1mbitos de soluci\u00f3n de conflictos, relaciones interraciales, promoci\u00f3n y protecci\u00f3n de los derechos humanos, reconciliaci\u00f3n, igualdad entre los g\u00e9neros, derechos de los ni\u00f1os y otros grupos vulnerables, lucha contra la pobreza, y promoci\u00f3n de la justicia social. Se reconoce tambi\u00e9n su contribuci\u00f3n a la lucha por la democracia a nivel internacional y a la promoci\u00f3n de una cultura de paz en todo el mundo.<\/p>\n\n\n\n<p><\/p>\n\n\n\n<figure class=\"wp-block-gallery columns-1 is-cropped\"><ul class=\"blocks-gallery-grid\"><li class=\"blocks-gallery-item\"><figure><img loading=\"lazy\" width=\"1024\" height=\"1024\" src=\"https:\/\/cmdh.bahiadebanderas.gob.mx\/wp-content\/uploads\/2023\/07\/361645484_668686058636819_3879522532178364408_n-1-1024x1024.jpg\" alt=\"\" data-id=\"6796\" data-full-url=\"https:\/\/cmdh.bahiadebanderas.gob.mx\/wp-content\/uploads\/2023\/07\/361645484_668686058636819_3879522532178364408_n-1.jpg\" data-link=\"https:\/\/cmdh.bahiadebanderas.gob.mx\/?attachment_id=6796\" class=\"wp-image-6796\" srcset=\"https:\/\/cmdh.bahiadebanderas.gob.mx\/wp-content\/uploads\/2023\/07\/361645484_668686058636819_3879522532178364408_n-1-1024x1024.jpg 1024w, https:\/\/cmdh.bahiadebanderas.gob.mx\/wp-content\/uploads\/2023\/07\/361645484_668686058636819_3879522532178364408_n-1-300x300.jpg 300w, https:\/\/cmdh.bahiadebanderas.gob.mx\/wp-content\/uploads\/2023\/07\/361645484_668686058636819_3879522532178364408_n-1-150x150.jpg 150w, https:\/\/cmdh.bahiadebanderas.gob.mx\/wp-content\/uploads\/2023\/07\/361645484_668686058636819_3879522532178364408_n-1-768x768.jpg 768w, https:\/\/cmdh.bahiadebanderas.gob.mx\/wp-content\/uploads\/2023\/07\/361645484_668686058636819_3879522532178364408_n-1.jpg 1080w\" sizes=\"(max-width: 1024px) 100vw, 1024px\" \/><\/figure><\/li><\/ul><\/figure>\n","protected":false},"excerpt":{"rendered":"<p>\u201cNelson Mandela fue un ejemplo de valor,compasi\u00f3n y compromiso con la libertad, la paz y la justicia social. Vivi\u00f3 con arreglo a esos principios y estuvo dispuesto a sacrificar su libertad e incluso su vida por ellos. En este d\u00eda de reflexi\u00f3n sobre la vida y obra de Nelson Mandela, defendamos su legado y aspiremos a emular su ejemplo.\u201dAnt\u00f3nio Guterrez Secretario General de las Naciones Unidas 2019 El 10 de noviembre de 2009 la Asamblea General de las Naciones Unidas, mediante su resoluci\u00f3n A\/RES\/64\/13, design\u00f3 el 18 de julio como D\u00eda Internacional de Nelson Mandela, para observarse anualmente a partir de 2010. Se eligi\u00f3 esa fecha por ser el d\u00eda de nacimiento de Nelson Mandela. En esta resoluci\u00f3n se reconocen los valores del legendario luchador sudafricano y su dedicaci\u00f3n al servicio de la humanidad en los \u00e1mbitos de soluci\u00f3n de conflictos, relaciones interraciales, promoci\u00f3n y protecci\u00f3n de los derechos humanos, reconciliaci\u00f3n, igualdad entre los g\u00e9neros, derechos de los ni\u00f1os y otros grupos vulnerables, lucha contra la pobreza, y promoci\u00f3n de la justicia social. Se reconoce tambi\u00e9n su contribuci\u00f3n a la lucha por la democracia a nivel internacional y a la promoci\u00f3n de una cultura de paz en todo el mundo.<\/p>\n","protected":false},"author":1,"featured_media":6795,"comment_status":"closed","ping_status":"open","sticky":false,"template":"","format":"standard","meta":[],"categories":[1],"tags":[],"_links":{"self":[{"href":"https:\/\/cmdh.bahiadebanderas.gob.mx\/index.php\/wp-json\/wp\/v2\/posts\/6794"}],"collection":[{"href":"https:\/\/cmdh.bahiadebanderas.gob.mx\/index.php\/wp-json\/wp\/v2\/posts"}],"about":[{"href":"https:\/\/cmdh.bahiadebanderas.gob.mx\/index.php\/wp-json\/wp\/v2\/types\/post"}],"author":[{"embeddable":true,"href":"https:\/\/cmdh.bahiadebanderas.gob.mx\/index.php\/wp-json\/wp\/v2\/users\/1"}],"replies":[{"embeddable":true,"href":"https:\/\/cmdh.bahiadebanderas.gob.mx\/index.php\/wp-json\/wp\/v2\/comments?post=6794"}],"version-history":[{"count":1,"href":"https:\/\/cmdh.bahiadebanderas.gob.mx\/index.php\/wp-json\/wp\/v2\/posts\/6794\/revisions"}],"predecessor-version":[{"id":6797,"href":"https:\/\/cmdh.bahiadebanderas.gob.mx\/index.php\/wp-json\/wp\/v2\/posts\/6794\/revisions\/6797"}],"wp:featuredmedia":[{"embeddable":true,"href":"https:\/\/cmdh.bahiadebanderas.gob.mx\/index.php\/wp-json\/wp\/v2\/media\/6795"}],"wp:attachment":[{"href":"https:\/\/cmdh.bahiadebanderas.gob.mx\/index.php\/wp-json\/wp\/v2\/media?parent=6794"}],"wp:term":[{"taxonomy":"category","embeddable":true,"href":"https:\/\/cmdh.bahiadebanderas.gob.mx\/index.php\/wp-json\/wp\/v2\/categories?post=6794"},{"taxonomy":"post_tag","embeddable":true,"href":"https:\/\/cmdh.bahiadebanderas.gob.mx\/index.php\/wp-json\/wp\/v2\/tags?post=6794"}],"curies":[{"name":"wp","href":"https:\/\/api.w.org\/{rel}","templated":true}]}}