{"id":6340,"date":"2023-05-09T10:01:45","date_gmt":"2023-05-09T16:01:45","guid":{"rendered":"https:\/\/cmdh.bahiadebanderas.gob.mx\/?p=6340"},"modified":"2023-05-09T10:01:46","modified_gmt":"2023-05-09T16:01:46","slug":"alianza-entre-la-universidad-tecnologica-de-bahia-de-banderas-representada-y-la-comision-municipal-de-derechos-humanos-de-bahia-de-banderas-nayarit","status":"publish","type":"post","link":"https:\/\/cmdh.bahiadebanderas.gob.mx\/index.php\/2023\/05\/09\/alianza-entre-la-universidad-tecnologica-de-bahia-de-banderas-representada-y-la-comision-municipal-de-derechos-humanos-de-bahia-de-banderas-nayarit\/","title":{"rendered":"Alianza entre la Universidad Tecnol\u00f3gica de Bah\u00eda  de Banderas representada y la Comisi\u00f3n Municipal De Derechos Humanos De Bah\u00eda De Banderas Nayarit"},"content":{"rendered":"\n<p>El d\u00eda 21 de Abril, se firmo una Alianza entre la <a href=\"https:\/\/www.facebook.com\/UTBBoficial?__cft__[0]=AZUudKBoHkGHP3BJxoiMpft1l5MNf_i_W1-7xz1iUzXMc1M6_lr0sxHEfKqk1wy3gemc_zvj0iCB_rEgmiUNBuuwr-6I1Px8gv93xSrWZqCRsst-nHMSkauAF84q4oPGCBIdJh5w8JIrUtrDHuR5VQDz1P1i9Rr30E4xduqo_k3AIVDOcyjPkogLWC1mxtTP_OOqK7JeXbR4y5SwX9ZJn_WX&amp;__tn__=-]K-R\">Universidad Tecnol\u00f3gica de Bah\u00eda de Banderas<\/a> representada por la Rectora la Mtra. Carmina Regalado Mardue\u00f1o y la <a href=\"https:\/\/www.facebook.com\/people\/Comisi%C3%B3n-Municipal-De-Derechos-Humanos-De-Bah%C3%ADa-De-Banderas-Nayarit\/100064862914160\/?__cft__[0]=AZUudKBoHkGHP3BJxoiMpft1l5MNf_i_W1-7xz1iUzXMc1M6_lr0sxHEfKqk1wy3gemc_zvj0iCB_rEgmiUNBuuwr-6I1Px8gv93xSrWZqCRsst-nHMSkauAF84q4oPGCBIdJh5w8JIrUtrDHuR5VQDz1P1i9Rr30E4xduqo_k3AIVDOcyjPkogLWC1mxtTP_OOqK7JeXbR4y5SwX9ZJn_WX&amp;__tn__=-]K-R\">Comisi\u00f3n Municipal De Derechos Humanos De Bah\u00eda De Banderas Nayarit<\/a> representada por la Presidenta la MD. Erika Lisset Garc\u00eda Morales y la Secretaria Ejecutiva la Lic. Mar\u00eda del Refugio Fregoso Camba, con el fin de sumar esfuerzos para la difusi\u00f3n y promoci\u00f3n de los Derechos Humanos de toda la comunidad estudiantil.<\/p>\n\n\n\n<p><\/p>\n\n\n\n<figure class=\"wp-block-image size-full\"><img loading=\"lazy\" width=\"525\" height=\"571\" src=\"https:\/\/cmdh.bahiadebanderas.gob.mx\/wp-content\/uploads\/2023\/05\/CONVENIO-UT-Y-CMDH.png\" alt=\"\" class=\"wp-image-6341\" srcset=\"https:\/\/cmdh.bahiadebanderas.gob.mx\/wp-content\/uploads\/2023\/05\/CONVENIO-UT-Y-CMDH.png 525w, https:\/\/cmdh.bahiadebanderas.gob.mx\/wp-content\/uploads\/2023\/05\/CONVENIO-UT-Y-CMDH-276x300.png 276w\" sizes=\"(max-width: 525px) 100vw, 525px\" \/><\/figure>\n","protected":false},"excerpt":{"rendered":"<p>El d\u00eda 21 de Abril, se firmo una Alianza entre la Universidad Tecnol\u00f3gica de Bah\u00eda de Banderas representada por la Rectora la Mtra. Carmina Regalado Mardue\u00f1o y la Comisi\u00f3n Municipal De Derechos Humanos De Bah\u00eda De Banderas Nayarit representada por la Presidenta la MD. Erika Lisset Garc\u00eda Morales y la Secretaria Ejecutiva la Lic. Mar\u00eda del Refugio Fregoso Camba, con el fin de sumar esfuerzos para la difusi\u00f3n y promoci\u00f3n de los Derechos Humanos de toda la comunidad estudiantil.<\/p>\n","protected":false},"author":1,"featured_media":6341,"comment_status":"closed","ping_status":"open","sticky":false,"template":"","format":"standard","meta":[],"categories":[1],"tags":[],"_links":{"self":[{"href":"https:\/\/cmdh.bahiadebanderas.gob.mx\/index.php\/wp-json\/wp\/v2\/posts\/6340"}],"collection":[{"href":"https:\/\/cmdh.bahiadebanderas.gob.mx\/index.php\/wp-json\/wp\/v2\/posts"}],"about":[{"href":"https:\/\/cmdh.bahiadebanderas.gob.mx\/index.php\/wp-json\/wp\/v2\/types\/post"}],"author":[{"embeddable":true,"href":"https:\/\/cmdh.bahiadebanderas.gob.mx\/index.php\/wp-json\/wp\/v2\/users\/1"}],"replies":[{"embeddable":true,"href":"https:\/\/cmdh.bahiadebanderas.gob.mx\/index.php\/wp-json\/wp\/v2\/comments?post=6340"}],"version-history":[{"count":1,"href":"https:\/\/cmdh.bahiadebanderas.gob.mx\/index.php\/wp-json\/wp\/v2\/posts\/6340\/revisions"}],"predecessor-version":[{"id":6342,"href":"https:\/\/cmdh.bahiadebanderas.gob.mx\/index.php\/wp-json\/wp\/v2\/posts\/6340\/revisions\/6342"}],"wp:featuredmedia":[{"embeddable":true,"href":"https:\/\/cmdh.bahiadebanderas.gob.mx\/index.php\/wp-json\/wp\/v2\/media\/6341"}],"wp:attachment":[{"href":"https:\/\/cmdh.bahiadebanderas.gob.mx\/index.php\/wp-json\/wp\/v2\/media?parent=6340"}],"wp:term":[{"taxonomy":"category","embeddable":true,"href":"https:\/\/cmdh.bahiadebanderas.gob.mx\/index.php\/wp-json\/wp\/v2\/categories?post=6340"},{"taxonomy":"post_tag","embeddable":true,"href":"https:\/\/cmdh.bahiadebanderas.gob.mx\/index.php\/wp-json\/wp\/v2\/tags?post=6340"}],"curies":[{"name":"wp","href":"https:\/\/api.w.org\/{rel}","templated":true}]}}