{"id":5246,"date":"2023-03-14T15:52:49","date_gmt":"2023-03-14T21:52:49","guid":{"rendered":"https:\/\/cmdh.bahiadebanderas.gob.mx\/?p=5246"},"modified":"2023-03-14T16:13:40","modified_gmt":"2023-03-14T22:13:40","slug":"8-de-marzo-dia-internacional-de-la-mujer","status":"publish","type":"post","link":"https:\/\/cmdh.bahiadebanderas.gob.mx\/index.php\/2023\/03\/14\/8-de-marzo-dia-internacional-de-la-mujer\/","title":{"rendered":"8 de Marzo: D\u00eda Internacional de la Mujer."},"content":{"rendered":"\n<figure class=\"wp-block-image size-large is-resized\"><img loading=\"lazy\" src=\"https:\/\/cmdh.bahiadebanderas.gob.mx\/wp-content\/uploads\/2023\/03\/8-m-768x1024.jpg\" alt=\"\" class=\"wp-image-5247\" width=\"839\" height=\"1118\" srcset=\"https:\/\/cmdh.bahiadebanderas.gob.mx\/wp-content\/uploads\/2023\/03\/8-m-768x1024.jpg 768w, https:\/\/cmdh.bahiadebanderas.gob.mx\/wp-content\/uploads\/2023\/03\/8-m-225x300.jpg 225w, https:\/\/cmdh.bahiadebanderas.gob.mx\/wp-content\/uploads\/2023\/03\/8-m-1152x1536.jpg 1152w, https:\/\/cmdh.bahiadebanderas.gob.mx\/wp-content\/uploads\/2023\/03\/8-m.jpg 1200w\" sizes=\"(max-width: 839px) 100vw, 839px\" \/><\/figure>\n\n\n\n<p>La <a href=\"https:\/\/www.facebook.com\/people\/Comisi%C3%B3n-Municipal-De-Derechos-Humanos-De-Bah%C3%ADa-De-Banderas-Nayarit\/100064862914160\/?__cft__[0]=AZX5I-3ndfsBHI1AoRzrcA5Z-R8l9k7LQF7JMHjF_qOIirb6OHXX40nmtrowXU-R850fI61XfzfnFdC16iD47EGZJZQD01fGfuvQdeOVlIHGSgCZc9-YxB_ZFpQzEntylWBCvzpiNzX4_rxUC9-zD-8HcmyDkQ8UsPx8vfL_Dkw4VUX565B16AFBYmxff749i0wlSvaEmb5jAffpoiLJ13jz&amp;__tn__=-]K-R\">Comisi\u00f3n Municipal De Derechos Humanos De Bah\u00eda De Banderas Nayarit<\/a> estuvo presentes en diferentes eventos que conmemoran la lucha que han tenido las mujeres a trav\u00e9s del tiempo, luchando por los Derechos que hoy gozamos.Todav\u00eda falta camino por recorrer por la cultura de Respeto a los Derechos Humanos el camino ser\u00e1 mas f\u00e1cil<\/p>\n\n\n\n<p>Todav\u00eda falta camino por recorrer por la cultura de Respeto a los Derechos Humanos el camino ser\u00e1 mas f\u00e1cil..<\/p>\n\n\n\n<p><\/p>\n","protected":false},"excerpt":{"rendered":"<p>La Comisi\u00f3n Municipal De Derechos Humanos De Bah\u00eda De Banderas Nayarit estuvo presentes en diferentes eventos que conmemoran la lucha que han tenido las mujeres a trav\u00e9s del tiempo, luchando por los Derechos que hoy gozamos.Todav\u00eda falta camino por recorrer por la cultura de Respeto a los Derechos Humanos el camino ser\u00e1 mas f\u00e1cil Todav\u00eda falta camino por recorrer por la cultura de Respeto a los Derechos Humanos el camino ser\u00e1 mas f\u00e1cil..<\/p>\n","protected":false},"author":1,"featured_media":5248,"comment_status":"closed","ping_status":"open","sticky":false,"template":"","format":"standard","meta":[],"categories":[1],"tags":[],"_links":{"self":[{"href":"https:\/\/cmdh.bahiadebanderas.gob.mx\/index.php\/wp-json\/wp\/v2\/posts\/5246"}],"collection":[{"href":"https:\/\/cmdh.bahiadebanderas.gob.mx\/index.php\/wp-json\/wp\/v2\/posts"}],"about":[{"href":"https:\/\/cmdh.bahiadebanderas.gob.mx\/index.php\/wp-json\/wp\/v2\/types\/post"}],"author":[{"embeddable":true,"href":"https:\/\/cmdh.bahiadebanderas.gob.mx\/index.php\/wp-json\/wp\/v2\/users\/1"}],"replies":[{"embeddable":true,"href":"https:\/\/cmdh.bahiadebanderas.gob.mx\/index.php\/wp-json\/wp\/v2\/comments?post=5246"}],"version-history":[{"count":2,"href":"https:\/\/cmdh.bahiadebanderas.gob.mx\/index.php\/wp-json\/wp\/v2\/posts\/5246\/revisions"}],"predecessor-version":[{"id":5255,"href":"https:\/\/cmdh.bahiadebanderas.gob.mx\/index.php\/wp-json\/wp\/v2\/posts\/5246\/revisions\/5255"}],"wp:featuredmedia":[{"embeddable":true,"href":"https:\/\/cmdh.bahiadebanderas.gob.mx\/index.php\/wp-json\/wp\/v2\/media\/5248"}],"wp:attachment":[{"href":"https:\/\/cmdh.bahiadebanderas.gob.mx\/index.php\/wp-json\/wp\/v2\/media?parent=5246"}],"wp:term":[{"taxonomy":"category","embeddable":true,"href":"https:\/\/cmdh.bahiadebanderas.gob.mx\/index.php\/wp-json\/wp\/v2\/categories?post=5246"},{"taxonomy":"post_tag","embeddable":true,"href":"https:\/\/cmdh.bahiadebanderas.gob.mx\/index.php\/wp-json\/wp\/v2\/tags?post=5246"}],"curies":[{"name":"wp","href":"https:\/\/api.w.org\/{rel}","templated":true}]}}