{"id":108,"date":"2020-04-14T14:41:17","date_gmt":"2020-04-14T20:41:17","guid":{"rendered":"https:\/\/cmdh.bahiadebanderas.gob.mx\/?p=108"},"modified":"2020-04-14T14:41:20","modified_gmt":"2020-04-14T20:41:20","slug":"capacitan-a-elementos-de-seguridad-publica-y-transito-en-derechos-humanos","status":"publish","type":"post","link":"https:\/\/cmdh.bahiadebanderas.gob.mx\/index.php\/2020\/04\/14\/capacitan-a-elementos-de-seguridad-publica-y-transito-en-derechos-humanos\/","title":{"rendered":"Capacitan a Elementos de Seguridad P\u00fablica y Tr\u00e1nsito en Derechos Humanos"},"content":{"rendered":"\n<p><em>\u2022 Los 340 oficiales recibir\u00e1n herramientas para enfrentar adecuadamente el estr\u00e9s laboral.<\/em>Con el objetivo de contar con polic\u00edas que brinden una mejor atenci\u00f3n a la poblaci\u00f3n, el Gobierno Municipal de Bah\u00eda de Banderas, que encabeza el doctor Jaime Cuevas Tello, brindar\u00e1 capacitaci\u00f3n sobre Derechos Humanos a los elementos que integran la Direcci\u00f3n de Seguridad P\u00fablica y Tr\u00e1nsito.<\/p>\n\n\n\n<blockquote class=\"wp-block-quote\"><p>\u201cTenemos la encomienda del Alcalde en capacitar a la totalidad de los elementos en diversos temas sobre Derechos Humanos, durante este a\u00f1o va a ser el tema del Manejo del Estr\u00e9s Laboral\u201d, <\/p><\/blockquote>\n\n\n\n<p>se\u00f1al\u00f3 Humberto Ceja Mu\u00f1oz, coordinador de la Academia de Seguridad P\u00fablica y Tr\u00e1nsito, quien explic\u00f3 que esta tem\u00e1tica es para que los oficiales aprendan t\u00e9cnicas que les permita mantener el control en situaciones de riesgo a las que est\u00e1n expuestos y que puedan encontrar el equilibrio entre los asuntos personales y el desempe\u00f1o de sus labores.\u201cEn esta ocasi\u00f3n nos apoyamos con una sic\u00f3loga externa e integrantes de la Comisi\u00f3n Municipal de Derechos Humanos de Bah\u00eda de Banderas y como nunca antes se hab\u00eda visto tanta capacitaci\u00f3n para los cuerpos de seguridad en el Municipio\u201d.<\/p>\n\n\n\n<p>En referencia Jorge Meza, Oficial Vial,\u00a0 se\u00f1al\u00f3: \u00abMe parece excelente que nos ayuden de esta manera en lo laboral, la familia, los amigos, el saber manejar las situaciones que se nos presenten, tener la paciencia y saber autocontrolarnos para poder enfrentarlas y salir adelante. Y eso muestra que se preocupan por uno, nuestras familias y no es nada m\u00e1s este curso, he asistido a varios m\u00e1s y estoy agradecido con el Ayuntamiento y el Presidente que se preocupa por nosotros\u00bb.As\u00ed mismo, Ver\u00f3nica Mart\u00ednez, Polic\u00eda Municipal, expres\u00f3 \u00abmuy interesante el curso y sirve mucho, ya que nosotros estamos constantemente bajo mucho estr\u00e9s por lo laboral y lo personal. Agradecer a los involucrados\u00bb.<\/p>\n\n\n\n<p>Finalmente, la sic\u00f3loga Rosalba Cabrera quien estuvo a cargo de dicha capacitaci\u00f3n, calific\u00f3 a los oficiales como atentos, respetuosos y participativos y se\u00f1al\u00f3:\u00a0\u00abSi exist\u00eda una necesidad por abordar estos temas que son m\u00e1s sicol\u00f3gicos y emocionales\u201d.<em>#JuntosProgresamos<\/em><\/p>\n","protected":false},"excerpt":{"rendered":"<p>\u2022 Los 340 oficiales recibir\u00e1n herramientas para enfrentar adecuadamente el estr\u00e9s laboral.Con el objetivo de contar con polic\u00edas que brinden una mejor atenci\u00f3n a la poblaci\u00f3n, el Gobierno Municipal de Bah\u00eda de Banderas, que encabeza el doctor Jaime Cuevas Tello, brindar\u00e1 capacitaci\u00f3n sobre Derechos Humanos a los elementos que integran la Direcci\u00f3n de Seguridad P\u00fablica y Tr\u00e1nsito. \u201cTenemos la encomienda del Alcalde en capacitar a la totalidad de los elementos en diversos temas sobre Derechos Humanos, durante este a\u00f1o va a ser el tema del Manejo del Estr\u00e9s Laboral\u201d, se\u00f1al\u00f3 Humberto Ceja Mu\u00f1oz, coordinador de la Academia de Seguridad P\u00fablica y Tr\u00e1nsito, quien explic\u00f3 que esta tem\u00e1tica es para que los oficiales aprendan t\u00e9cnicas que les permita mantener el control en situaciones de riesgo a las que est\u00e1n expuestos y que puedan encontrar el equilibrio entre los asuntos personales y el desempe\u00f1o de sus labores.\u201cEn esta ocasi\u00f3n nos apoyamos con una sic\u00f3loga externa e integrantes de la Comisi\u00f3n Municipal de Derechos Humanos de Bah\u00eda de Banderas y como nunca antes se hab\u00eda visto tanta capacitaci\u00f3n para los cuerpos de seguridad en el Municipio\u201d. En referencia Jorge Meza, Oficial Vial,\u00a0 se\u00f1al\u00f3: \u00abMe parece excelente que nos ayuden de esta manera en lo laboral, la familia, los amigos, el saber manejar las situaciones que se nos presenten, tener la paciencia y saber autocontrolarnos para poder enfrentarlas y salir adelante. Y eso muestra que se preocupan por uno, nuestras familias y no es nada m\u00e1s este curso, he asistido a varios m\u00e1s y estoy agradecido con el Ayuntamiento y el Presidente que se preocupa por nosotros\u00bb.As\u00ed mismo, Ver\u00f3nica Mart\u00ednez, Polic\u00eda Municipal, expres\u00f3 \u00abmuy interesante el curso y sirve mucho, ya que nosotros estamos constantemente bajo mucho estr\u00e9s por lo laboral y lo personal. Agradecer a los involucrados\u00bb. Finalmente, la sic\u00f3loga Rosalba Cabrera quien estuvo a cargo de dicha capacitaci\u00f3n, calific\u00f3 a los oficiales como atentos, respetuosos y participativos y se\u00f1al\u00f3:\u00a0\u00abSi exist\u00eda una necesidad por abordar estos temas que son m\u00e1s sicol\u00f3gicos y emocionales\u201d.#JuntosProgresamos<\/p>\n","protected":false},"author":1,"featured_media":0,"comment_status":"closed","ping_status":"open","sticky":false,"template":"","format":"standard","meta":[],"categories":[1],"tags":[],"_links":{"self":[{"href":"https:\/\/cmdh.bahiadebanderas.gob.mx\/index.php\/wp-json\/wp\/v2\/posts\/108"}],"collection":[{"href":"https:\/\/cmdh.bahiadebanderas.gob.mx\/index.php\/wp-json\/wp\/v2\/posts"}],"about":[{"href":"https:\/\/cmdh.bahiadebanderas.gob.mx\/index.php\/wp-json\/wp\/v2\/types\/post"}],"author":[{"embeddable":true,"href":"https:\/\/cmdh.bahiadebanderas.gob.mx\/index.php\/wp-json\/wp\/v2\/users\/1"}],"replies":[{"embeddable":true,"href":"https:\/\/cmdh.bahiadebanderas.gob.mx\/index.php\/wp-json\/wp\/v2\/comments?post=108"}],"version-history":[{"count":1,"href":"https:\/\/cmdh.bahiadebanderas.gob.mx\/index.php\/wp-json\/wp\/v2\/posts\/108\/revisions"}],"predecessor-version":[{"id":110,"href":"https:\/\/cmdh.bahiadebanderas.gob.mx\/index.php\/wp-json\/wp\/v2\/posts\/108\/revisions\/110"}],"wp:attachment":[{"href":"https:\/\/cmdh.bahiadebanderas.gob.mx\/index.php\/wp-json\/wp\/v2\/media?parent=108"}],"wp:term":[{"taxonomy":"category","embeddable":true,"href":"https:\/\/cmdh.bahiadebanderas.gob.mx\/index.php\/wp-json\/wp\/v2\/categories?post=108"},{"taxonomy":"post_tag","embeddable":true,"href":"https:\/\/cmdh.bahiadebanderas.gob.mx\/index.php\/wp-json\/wp\/v2\/tags?post=108"}],"curies":[{"name":"wp","href":"https:\/\/api.w.org\/{rel}","templated":true}]}}